{"id":11165,"date":"2020-06-18T16:16:00","date_gmt":"2020-06-18T16:16:00","guid":{"rendered":"https:\/\/barbaragomezantich.com\/son-legals-les-multes-per-desobeir-el-confinament\/"},"modified":"2025-01-27T03:32:46","modified_gmt":"2025-01-27T03:32:46","slug":"son-legals-les-multes-per-desobeir-el-confinament","status":"publish","type":"post","link":"https:\/\/barbaraantich.com\/ca\/son-legals-les-multes-per-desobeir-el-confinament\/","title":{"rendered":"Multes per desobeir el confinament"},"content":{"rendered":"\n<p>Aquest article es va publicar origin\u00e0riament a la p\u00e0gina web d&#8217;Iuris F\u00e1cil.<\/p>\n\n<p>Va portar la Covid19. Es va decretar l&#8217;Estat d&#8217;Alarma. Ens van confinar. Van comen\u00e7ar les multes per desobeir el confinament. S\u00f3n legals?<\/p>\n\n<div class=\"wp-block-buttons is-horizontal is-content-justification-center is-layout-flex wp-container-core-buttons-is-layout-03627597 wp-block-buttons-is-layout-flex\">\n<div class=\"wp-block-button\"><a class=\"wp-block-button__link wp-element-button\" href=\"https:\/\/www.rochapaus.com\/multa-desobediencia-covid\/\" target=\"_blank\" rel=\"noreferrer noopener\">Anar a l&#8217;article original publicat a Iuris F\u00e1cil<\/a><\/div>\n<\/div>\n\n<p>Van ser molts els agents que es van &#8220;queixar&#8221;. Resulta que no es podia sortir al carrer m\u00e9s que a les excepcions previstes. Una prohibici\u00f3 quan s&#8217;incompleix, sol portar una sanci\u00f3 aparellada. Tot i aix\u00f2, alguns cossos de policia asseguraven que no havien rebut instruccions sobre com procedir en cas de detectar un incompliment.<\/p>\n\n<h2 class=\"wp-block-heading\">Aleshores la soluci\u00f3 va ser posar multes per desobeir el confinament.<\/h2>\n\n<p>Per\u00f2 l&#8217;incompliment qu\u00e8 suposa una sanci\u00f3 administrativa? Un delicte?<\/p>\n\n<p>Aqu\u00ed hi ha el problema. En uns casos se sancionava per incomplir el Decret que ordenava el confinament, en altres casos se sancionava en el marc de la Llei Mordassa, i en altres casos s&#8217;atribu\u00efa un delicte de desobedi\u00e8ncia a l&#8217;infractor. En qualsevol cas, tot solia quedar en multes per desobeir el confinament.<\/p>\n\n<p>En aquest context, vaig decidir preparar un nou article, en aquest cas abordant la q\u00fcesti\u00f3 de si es pot cometre un delicte per incomplir l&#8217;obligaci\u00f3 de guardar confinament domiciliari.<\/p>\n\n<p>Com sabeu, tots els meus articles s&#8217;emmarquen dins un \u00e0mbit penal. No entro a valorar q\u00fcestions pr\u00f2pies dels meus companys especialistes en dret administratiu. Quin sentit hauria de fer jo? No. La meva an\u00e0lisi \u00e9s sobre la possible comissi\u00f3 del delicte de desobedi\u00e8ncia greu a l&#8217;autoritat, quan s&#8217;incompleix el confinament. Les altres q\u00fcestions les deixo per als meus companys administrativistes.<\/p>\n","protected":false},"excerpt":{"rendered":"<p>Aquest article es va publicar origin\u00e0riament a la p\u00e0gina web d&#8217;Iuris F\u00e1cil. Va portar la Covid19. Es va decretar l&#8217;Estat d&#8217;Alarma. Ens van confinar. Van comen\u00e7ar les multes per desobeir el confinament. S\u00f3n legals? Van ser molts els agents que es van &#8220;queixar&#8221;. Resulta que no es podia sortir al carrer m\u00e9s que a les [&hellip;]<\/p>\n","protected":false},"author":53,"featured_media":9457,"comment_status":"closed","ping_status":"closed","sticky":false,"template":"","format":"standard","meta":{"episode_type":"","audio_file":"","cover_image":"","cover_image_id":"","duration":"","filesize":"","filesize_raw":"","date_recorded":"","explicit":"","block":"","itunes_episode_number":"","itunes_title":"","itunes_season_number":"","itunes_episode_type":"","_joinchat":[],"footnotes":""},"categories":[108],"tags":[],"post_folder":[],"class_list":["post-11165","post","type-post","status-publish","format-standard","has-post-thumbnail","hentry","category-desobediencia-a-lautoritat"],"_links":{"self":[{"href":"https:\/\/barbaraantich.com\/ca\/wp-json\/wp\/v2\/posts\/11165","targetHints":{"allow":["GET"]}}],"collection":[{"href":"https:\/\/barbaraantich.com\/ca\/wp-json\/wp\/v2\/posts"}],"about":[{"href":"https:\/\/barbaraantich.com\/ca\/wp-json\/wp\/v2\/types\/post"}],"author":[{"embeddable":true,"href":"https:\/\/barbaraantich.com\/ca\/wp-json\/wp\/v2\/users\/53"}],"replies":[{"embeddable":true,"href":"https:\/\/barbaraantich.com\/ca\/wp-json\/wp\/v2\/comments?post=11165"}],"version-history":[{"count":1,"href":"https:\/\/barbaraantich.com\/ca\/wp-json\/wp\/v2\/posts\/11165\/revisions"}],"predecessor-version":[{"id":11166,"href":"https:\/\/barbaraantich.com\/ca\/wp-json\/wp\/v2\/posts\/11165\/revisions\/11166"}],"wp:featuredmedia":[{"embeddable":true,"href":"https:\/\/barbaraantich.com\/ca\/wp-json\/wp\/v2\/media\/9457"}],"wp:attachment":[{"href":"https:\/\/barbaraantich.com\/ca\/wp-json\/wp\/v2\/media?parent=11165"}],"wp:term":[{"taxonomy":"category","embeddable":true,"href":"https:\/\/barbaraantich.com\/ca\/wp-json\/wp\/v2\/categories?post=11165"},{"taxonomy":"post_tag","embeddable":true,"href":"https:\/\/barbaraantich.com\/ca\/wp-json\/wp\/v2\/tags?post=11165"},{"taxonomy":"post_folder","embeddable":true,"href":"https:\/\/barbaraantich.com\/ca\/wp-json\/wp\/v2\/post_folder?post=11165"}],"curies":[{"name":"wp","href":"https:\/\/api.w.org\/{rel}","templated":true}]}}