{"id":11159,"date":"2020-04-28T22:12:00","date_gmt":"2020-04-28T22:12:00","guid":{"rendered":"https:\/\/barbaragomezantich.com\/el-paper-de-les-xarxes-socials-en-la-violencia-de-gener\/"},"modified":"2025-01-27T03:27:37","modified_gmt":"2025-01-27T03:27:37","slug":"el-paper-de-les-xarxes-socials-en-la-violencia-de-gener","status":"publish","type":"post","link":"https:\/\/barbaraantich.com\/ca\/el-paper-de-les-xarxes-socials-en-la-violencia-de-gener\/","title":{"rendered":"El paper de les xarxes socials en la viol\u00e8ncia de g\u00e8nere"},"content":{"rendered":"\n<p>Episodi 8 de Tert\u00falia Jur\u00eddica &#8211; Podcast de Dret.<\/p>\n\n<p>Aquesta va ser la meva primera participaci\u00f3 en un podcast, i n&#8217;estic molt orgullosa. Crec que els nervis no van impedir que express\u00e9s el que volia.<\/p>\n\n<p>Xerrem amb les meves companyes Laila Essaguir de M\u00e0laga i Marta Benavent de Val\u00e8ncia. Programa dirigit pel gran \u00c0ngel Seisdedos des de Sevilla.<\/p>\n\n<p>En aquest episodi xerrem sobre els principals delictes comesos a trav\u00e9s de les xarxes socials, en mat\u00e8ria de viol\u00e8ncia de g\u00e8nere.<\/p>\n\n<audio class=\"wp-audio-shortcode\" id=\"audio-11159-1\" preload=\"none\" style=\"width: 100%;\" controls=\"controls\"><source type=\"audio\/mpeg\" src=\"https:\/\/www.ivoox.com\/ep-8-violencia-genero-digital_md_50375649_wp_1.mp3?_=1\" \/><a href=\"https:\/\/www.ivoox.com\/ep-8-violencia-genero-digital_md_50375649_wp_1.mp3\" target=\"_blank\" rel=\"noopener\">https:\/\/www.ivoox.com\/ep-8-violencia-genero-digital_md_50375649_wp_1.mp3<\/a><\/audio> <a href=\"https:\/\/go.ivoox.com\/rf\/50375649\" title=\"EP.8 - Violencia de G\u00e9nero Digital\" target=\"_blank\" rel=\"noopener\">Ir a descargar<\/a>\r\n\n<h3 class=\"wp-block-heading\">Les xarxes socials permeten la comissi\u00f3 de la denominada viol\u00e8ncia de g\u00e8nere digital<\/h3>\n\n<p>No es tracta de culpar les xarxes socials d&#8217;aquesta xacra social, ni de bon tros. La viol\u00e8ncia de g\u00e8nere ja existia, aix\u00f2 no \u00e9s cap novetat. La veritat \u00e9s que la novetat \u00e9s la forma en qu\u00e8 aquest tipus de conductes es poden consumir.<\/p>\n\n<p>Instagram, facebook, twitter&#8230; s\u00f3n xarxes socials molt entretingudes, per\u00f2 tamb\u00e9 se&#8217;n pot fer un mal \u00fas. \u00c9s un fet. S\u00f3n moltes les persones que s&#8217;amaguen darrere d&#8217;un perfil, fals o no, i duen a terme conductes que no farien altrament, en persona. La clau abans de dir alguna cosa que pugui fer mal a una altra persona \u00e9s preguntar-se si li ho diries tamb\u00e9 si tinguessis aquesta persona davant. Si la resposta \u00e9s no, oblida-ho.<\/p>\n\n<p>Al final de l&#8217;episodi dono unes claus per a qui es vegi en aquesta situaci\u00f3.<\/p>\n\n<h5 class=\"wp-block-heading\">Protegir-te \u00e9s el m\u00e9s important en aquests casos.<\/h5>\n\n<p>A Iuris F\u00e1cil estem molt conscienciades amb la viol\u00e8ncia de g\u00e8nere perqu\u00e8 \u00e9s una problem\u00e0tica greu tant a nivell mundial com al nostre pa\u00eds. \u00c9s per aix\u00f2 que ens agrada tractar entrades que expliquin els diferents tipus de viol\u00e8ncia de g\u00e8nere, tal i com \u00e9s en aquest cas ens aproximem a con\u00e8ixer qu\u00e8 \u00e9s la viol\u00e8ncia de g\u00e8nere digital i el paper de les xarxes socials en aquest tipus de viol\u00e8ncia.<\/p>\n","protected":false},"excerpt":{"rendered":"<p>Xerram amb les meves companyes Laila Essaguir, de M\u00e0laga i Marta Benavent, de Val\u00e8ncia, condu\u00efdes per \u00c1ngel Seisdedos des de Sevilla, sobre els principals delictes comesos a trav\u00e9s de les xarxes socials, en mat\u00e8ria de viol\u00e8ncia de g\u00e8nere.<\/p>\n","protected":false},"author":53,"featured_media":20861,"comment_status":"closed","ping_status":"closed","sticky":false,"template":"","format":"standard","meta":{"episode_type":"","audio_file":"","cover_image":"","cover_image_id":"","duration":"","filesize":"","filesize_raw":"","date_recorded":"","explicit":"","block":"","itunes_episode_number":"","itunes_title":"","itunes_season_number":"","itunes_episode_type":"","_joinchat":[],"footnotes":""},"categories":[99,105,39,101],"tags":[],"post_folder":[],"class_list":["post-11159","post","type-post","status-publish","format-standard","has-post-thumbnail","hentry","category-delictes-familiars","category-delictes-informatics","category-delitos-familiares","category-violencia-de-genere"],"_links":{"self":[{"href":"https:\/\/barbaraantich.com\/ca\/wp-json\/wp\/v2\/posts\/11159","targetHints":{"allow":["GET"]}}],"collection":[{"href":"https:\/\/barbaraantich.com\/ca\/wp-json\/wp\/v2\/posts"}],"about":[{"href":"https:\/\/barbaraantich.com\/ca\/wp-json\/wp\/v2\/types\/post"}],"author":[{"embeddable":true,"href":"https:\/\/barbaraantich.com\/ca\/wp-json\/wp\/v2\/users\/53"}],"replies":[{"embeddable":true,"href":"https:\/\/barbaraantich.com\/ca\/wp-json\/wp\/v2\/comments?post=11159"}],"version-history":[{"count":3,"href":"https:\/\/barbaraantich.com\/ca\/wp-json\/wp\/v2\/posts\/11159\/revisions"}],"predecessor-version":[{"id":11162,"href":"https:\/\/barbaraantich.com\/ca\/wp-json\/wp\/v2\/posts\/11159\/revisions\/11162"}],"wp:featuredmedia":[{"embeddable":true,"href":"https:\/\/barbaraantich.com\/ca\/wp-json\/wp\/v2\/media\/20861"}],"wp:attachment":[{"href":"https:\/\/barbaraantich.com\/ca\/wp-json\/wp\/v2\/media?parent=11159"}],"wp:term":[{"taxonomy":"category","embeddable":true,"href":"https:\/\/barbaraantich.com\/ca\/wp-json\/wp\/v2\/categories?post=11159"},{"taxonomy":"post_tag","embeddable":true,"href":"https:\/\/barbaraantich.com\/ca\/wp-json\/wp\/v2\/tags?post=11159"},{"taxonomy":"post_folder","embeddable":true,"href":"https:\/\/barbaraantich.com\/ca\/wp-json\/wp\/v2\/post_folder?post=11159"}],"curies":[{"name":"wp","href":"https:\/\/api.w.org\/{rel}","templated":true}]}}