{"id":11147,"date":"2020-10-23T13:50:08","date_gmt":"2020-10-23T13:50:08","guid":{"rendered":"https:\/\/barbaragomezantich.com\/proteccio-civil-i-penal-de-la-victima-de-violencia\/"},"modified":"2025-01-27T03:09:02","modified_gmt":"2025-01-27T03:09:02","slug":"proteccio-civil-i-penal-de-la-victima-de-violencia","status":"publish","type":"post","link":"https:\/\/barbaraantich.com\/ca\/proteccio-civil-i-penal-de-la-victima-de-violencia\/","title":{"rendered":"Protecci\u00f3 civil i penal de la v\u00edctima de viol\u00e8ncia"},"content":{"rendered":"\n<p>La viol\u00e8ncia de g\u00e8nere \u00e9s un greu problema social que afecta moltes dones a tot el m\u00f3n. A m\u00e9s del patiment f\u00edsic i emocional que aix\u00f2 comporta per a la v\u00edctima, tamb\u00e9 hi ha conseq\u00fc\u00e8ncies legals que poden afectar tant la protecci\u00f3 civil com l&#8217;\u00e0mbit penal.<\/p>\n\n<p>Per aix\u00f2, s\u00f3n diversos els tipus de mesures que es poden adoptar quan ens enfrontem a un procediment per viol\u00e8ncia de g\u00e8nere: estem parlant de la protecci\u00f3 civil i penal de la v\u00edctima.<\/p>\n\n<p>Per aix\u00f2, en aquest article em vaig unir a una gran persona i professional, Mar\u00eda Gonz\u00e1lez Merch\u00e1n, especialista en l&#8217;\u00e0mbit de fam\u00edlia, per abordar la q\u00fcesti\u00f3 des de les dues perspectives que entren en joc: la civil i la penal.<\/p>\n\n<p>Perqu\u00e8 en un procediment per viol\u00e8ncia de g\u00e8nere \u00e9s cert que al final es pot condemnar o absoldre una persona. Si es conclou que \u00e9s culpable, presumeixo que se&#8217;l condemnar\u00e0, per\u00f2 qu\u00e8 passa fins llavors. Des que ocorren uns fets fins que recau una sent\u00e8ncia poden passar mesos i anys. Per aquest motiu cal adoptar mesures de protecci\u00f3 civil i penal de la v\u00edctima de viol\u00e8ncia de g\u00e8nere. I \u00e9s just aix\u00f2 el que t&#8217;expliquem Maria Gonz\u00e1lez Merch\u00e1n i jo.<\/p>\n\n<h2 class=\"wp-block-heading\">Mesures penals<\/h2>\n\n<p>En primer lloc, t&#8217;explico en qu\u00e8 consisteix la compareixen\u00e7a i l&#8217;ordre de protecci\u00f3. Aix\u00f2 es d\u00f3na, com a tarda, transcorregudes 48 hores des que se sol\u00b7licita, encara que se sol celebrar abans. A l&#8217;ordre de protecci\u00f3 es poden acordar mesures penals (la m\u00e9s coneguda \u00e9s la prohibici\u00f3 d&#8217;aproximar-se i comunicar-se amb la v\u00edctima). Tamb\u00e9 s\u00f3n mesures civils (la m\u00e9s coneguda \u00e9s l&#8217;atribuci\u00f3 provisional de l&#8217;habitatge familiar).<\/p>\n\n<p>Pel que fa a l&#8217;\u00e0mbit penal, la viol\u00e8ncia de g\u00e8nere est\u00e0 tipificada com a delicte a la majoria dels pa\u00efsos i pot comportar penes de pres\u00f3 per a l&#8217;agressor. A m\u00e9s, a alguns pa\u00efsos, com Espanya, la v\u00edctima pot exercir l&#8217;acusaci\u00f3 particular i demanar una indemnitzaci\u00f3 pels danys i perjudicis causats pel delicte.<\/p>\n\n<p>A m\u00e9s, aix\u00f2 es complica quan hi ha fills comuns. Les mesures cautelars han de tenir en compte q\u00fcestions com l&#8217;atribuci\u00f3 provisional de la cust\u00f2dia, i la pensi\u00f3 si escau, entre d&#8217;altres.<\/p>\n\n<p>Les mesures penals continuaran vigents fins que es resolgui en sent\u00e8ncia sobre aquest assumpte. La sent\u00e8ncia haur\u00e0 de disposar les mesures de protecci\u00f3 si \u00e9s el cas, o no. Les mesures civils, en canvi, tenen una vig\u00e8ncia m\u00e9s curta, ja que nom\u00e9s \u00e9s de 30 dies. En aquest termini s&#8217;haur\u00e0 de presentar una demanda de separaci\u00f3, divorci o mesures paternofilials. En aquest cas, les mesures civils es prorrogaran durant 30 dies m\u00e9s. Si no es presenta la demanda en aquest termini, les mesures acordades deixaran de tenir efectes.<\/p>\n\n<h2 class=\"wp-block-heading\">Mesures civils<\/h2>\n\n<p>Pel que fa a la protecci\u00f3 civil, hi ha mesures per protegir la v\u00edctima de la viol\u00e8ncia de g\u00e8nere. A Espanya, per exemple, es pot sol\u00b7licitar una ordre de protecci\u00f3 que obligui l&#8217;agressor a mantenir una dist\u00e0ncia m\u00ednima amb la v\u00edctima, prohibir-li acostar-s&#8217;hi o comunicar-s&#8217;hi de qualsevol manera. Aquesta ordre de protecci\u00f3 pot ser sol\u00b7licitada per la v\u00edctima o pel Ministeri Fiscal i es pot aplicar tant a nivell civil com penal.<\/p>\n\n<h2 class=\"wp-block-heading\">Punts de connexi\u00f3 de mesures penals i civils<\/h2>\n\n<p>Cal destacar que la protecci\u00f3 civil i l&#8217;\u00e0mbit penal no s\u00f3n excloents, \u00e9s a dir, que una v\u00edctima de viol\u00e8ncia de g\u00e8nere pot sol\u00b7licitar tant mesures de protecci\u00f3 civil com la intervenci\u00f3 de la just\u00edcia penal. A m\u00e9s, en alguns casos, l\u201faplicaci\u00f3 de mesures de protecci\u00f3 civil pot ser pr\u00e8via al\u201fobertura d\u201fun procediment penal.<\/p>\n\n<p>En resum, la viol\u00e8ncia de g\u00e8nere \u00e9s un greu problema social que pot tenir conseq\u00fc\u00e8ncies greus tant a nivell f\u00edsic i emocional com legal. La protecci\u00f3 civil i l&#8217;\u00e0mbit penal s\u00f3n dues eines importants per protegir les v\u00edctimes i perseguir els agressors. \u00c9s important que les v\u00edctimes coneguin els seus drets i les mesures a la seva disposici\u00f3 per poder actuar de manera efectiva en cas de patir viol\u00e8ncia de g\u00e8nere.<\/p>\n","protected":false},"excerpt":{"rendered":"<p>La viol\u00e8ncia de g\u00e8nere \u00e9s un greu problema social que afecta moltes dones a tot el m\u00f3n. A m\u00e9s del patiment f\u00edsic i emocional que aix\u00f2 comporta per a la v\u00edctima, tamb\u00e9 hi ha conseq\u00fc\u00e8ncies legals que poden afectar tant la protecci\u00f3 civil com l&#8217;\u00e0mbit penal. Per aix\u00f2, s\u00f3n diversos els tipus de mesures que [&hellip;]<\/p>\n","protected":false},"author":53,"featured_media":20885,"comment_status":"closed","ping_status":"closed","sticky":false,"template":"","format":"standard","meta":{"episode_type":"","audio_file":"","podmotor_file_id":"","podmotor_episode_id":"","cover_image":"","cover_image_id":"","duration":"","filesize":"","filesize_raw":"","date_recorded":"","explicit":"","block":"","itunes_episode_number":"","itunes_title":"","itunes_season_number":"","itunes_episode_type":"","_joinchat":[],"footnotes":""},"categories":[99,39,101],"tags":[],"post_folder":[],"class_list":["post-11147","post","type-post","status-publish","format-standard","has-post-thumbnail","hentry","category-delictes-familiars","category-delitos-familiares","category-violencia-de-genere"],"_links":{"self":[{"href":"https:\/\/barbaraantich.com\/ca\/wp-json\/wp\/v2\/posts\/11147","targetHints":{"allow":["GET"]}}],"collection":[{"href":"https:\/\/barbaraantich.com\/ca\/wp-json\/wp\/v2\/posts"}],"about":[{"href":"https:\/\/barbaraantich.com\/ca\/wp-json\/wp\/v2\/types\/post"}],"author":[{"embeddable":true,"href":"https:\/\/barbaraantich.com\/ca\/wp-json\/wp\/v2\/users\/53"}],"replies":[{"embeddable":true,"href":"https:\/\/barbaraantich.com\/ca\/wp-json\/wp\/v2\/comments?post=11147"}],"version-history":[{"count":1,"href":"https:\/\/barbaraantich.com\/ca\/wp-json\/wp\/v2\/posts\/11147\/revisions"}],"predecessor-version":[{"id":11148,"href":"https:\/\/barbaraantich.com\/ca\/wp-json\/wp\/v2\/posts\/11147\/revisions\/11148"}],"wp:featuredmedia":[{"embeddable":true,"href":"https:\/\/barbaraantich.com\/ca\/wp-json\/wp\/v2\/media\/20885"}],"wp:attachment":[{"href":"https:\/\/barbaraantich.com\/ca\/wp-json\/wp\/v2\/media?parent=11147"}],"wp:term":[{"taxonomy":"category","embeddable":true,"href":"https:\/\/barbaraantich.com\/ca\/wp-json\/wp\/v2\/categories?post=11147"},{"taxonomy":"post_tag","embeddable":true,"href":"https:\/\/barbaraantich.com\/ca\/wp-json\/wp\/v2\/tags?post=11147"},{"taxonomy":"post_folder","embeddable":true,"href":"https:\/\/barbaraantich.com\/ca\/wp-json\/wp\/v2\/post_folder?post=11147"}],"curies":[{"name":"wp","href":"https:\/\/api.w.org\/{rel}","templated":true}]}}