{"id":11141,"date":"2023-04-09T18:22:10","date_gmt":"2023-04-09T18:22:10","guid":{"rendered":"https:\/\/barbaragomezantich.com\/trencament-en-violencia-de-gener\/"},"modified":"2025-01-27T02:57:44","modified_gmt":"2025-01-27T02:57:44","slug":"trencament-en-violencia-de-gener","status":"publish","type":"post","link":"https:\/\/barbaraantich.com\/ca\/trencament-en-violencia-de-gener\/","title":{"rendered":"El trencament en viol\u00e8ncia de g\u00e8nere"},"content":{"rendered":"\n<p>En alguns procediments seguits per viol\u00e8ncia de g\u00e8nere, se sol\u00b7licita per la v\u00edctima i s&#8217;acorda, per un jutge, una ordre de protecci\u00f3.<\/p>\n\n<p>Per aix\u00f2 \u00e9s important abordar el trencament en viol\u00e8ncia de g\u00e8nere. L&#8217;ordre de protecci\u00f3 forma part de les mesures penals que es poden adoptar per protegir la v\u00edctima. L&#8217;ordre de protecci\u00f3 inclou la prohibici\u00f3 d&#8217;acostar-se a la v\u00edctima o llocs freq\u00fcentats per ella, aix\u00ed com tamb\u00e9 la prohibici\u00f3 de comunicar-s&#8217;hi. Despr\u00e9s d&#8217;acordar-se una ordre de protecci\u00f3 o qualsevol altra mesura cautelar, \u00e9s important que tant la v\u00edctima com l&#8217;agressor entenguin les conseq\u00fc\u00e8ncies de trencar aquestes mesures. En aquest article, parlar\u00e9 sobre el trencament en casos de viol\u00e8ncia de g\u00e8nere i les seves conseq\u00fc\u00e8ncies legals.<\/p>\n\n<h2 class=\"wp-block-heading\">Qu\u00e8 \u00e9s el trencament en viol\u00e8ncia de g\u00e8nere?<\/h2>\n\n<p>El trencament fa refer\u00e8ncia a qualsevol acci\u00f3 o omissi\u00f3 que suposi incomplir l&#8217;ordre de protecci\u00f3 o qualsevol altra mesura cautelar que s&#8217;hagi dictat en un cas de viol\u00e8ncia de g\u00e8nere. Aix\u00f2 pot incloure acostar-se a la v\u00edctima, comunicar-s&#8217;hi, o fins i tot intentar fer-ho a trav\u00e9s de tercers. Tamb\u00e9 s\u00f3n formes de comunicaci\u00f3 les trucades perdudes, i els \u201clikes\u201d en xarxes socials.<\/p>\n\n<h2 class=\"wp-block-heading\">Conseq\u00fc\u00e8ncies legals<\/h2>\n\n<p>El trencament d&#8217;una ordre d&#8217;allunyament o qualsevol altra mesura cautelar pot comportar conseq\u00fc\u00e8ncies legals greus. Concretament, el Codi Penal espanyol castiga el trencament de les mesures cautelars acordades en el marc d&#8217;un procediment seguit per viol\u00e8ncia de g\u00e8nere, amb penes de pres\u00f3 de sis mesos a un any.<\/p>\n\n<h2 class=\"wp-block-heading\">Com actuar en cas de trencament en viol\u00e8ncia de g\u00e8nere?<\/h2>\n\n<p>Si la v\u00edctima sospita que l&#8217;agressor est\u00e0 incomplint l&#8217;ordre d&#8217;allunyament o qualsevol altra mesura cautelar, \u00e9s important que ho denunci\u00ef immediatament. En aquest punt, juguen un paper important\u00edssim els ve\u00efns i amics, perqu\u00e8 donin la veu d&#8217;alarma en cas de detectar-ne la pres\u00e8ncia a prop. Tamb\u00e9 \u00e9s important que es conservin totes les proves que es puguin reunir, com a missatges de text o correus electr\u00f2nics, ja que aquests poden ser utilitzats com a prova en un judici.<\/p>\n\n<h2 class=\"wp-block-heading\">La import\u00e0ncia de la prevenci\u00f3<\/h2>\n\n<p>La prevenci\u00f3 \u00e9s fonamental en casos de viol\u00e8ncia de g\u00e8nere. \u00c9s important que la societat en conjunt comprengui la gravetat d&#8217;aquest problema i es comprometi a actuar per prevenir-lo. A m\u00e9s, \u00e9s fonamental que les v\u00edctimes se sentin recolzades i protegides per poder denunciar i rebre el suport necessari per continuar el proc\u00e9s judicial un cop iniciat.<\/p>\n\n<p>En conclusi\u00f3, el trencament en casos de viol\u00e8ncia de g\u00e8nere \u00e9s un problema greu que pot tenir conseq\u00fc\u00e8ncies legals molt serioses. \u00c9s important que tant la v\u00edctima com l&#8217;agressor entenguin les implicacions de trencar una ordre d&#8217;allunyament o qualsevol altra mesura cautelar, i que la societat en conjunt es comprometi a prevenir la viol\u00e8ncia de g\u00e8nere.<\/p>\n","protected":false},"excerpt":{"rendered":"<p>En alguns procediments seguits per viol\u00e8ncia de g\u00e8nere, se sol\u00b7licita per la v\u00edctima i s&#8217;acorda, per un jutge, una ordre de protecci\u00f3. Per aix\u00f2 \u00e9s important abordar el trencament en viol\u00e8ncia de g\u00e8nere. L&#8217;ordre de protecci\u00f3 forma part de les mesures penals que es poden adoptar per protegir la v\u00edctima. L&#8217;ordre de protecci\u00f3 inclou la [&hellip;]<\/p>\n","protected":false},"author":53,"featured_media":11788,"comment_status":"closed","ping_status":"closed","sticky":false,"template":"","format":"standard","meta":{"episode_type":"","audio_file":"","cover_image":"","cover_image_id":"","duration":"","filesize":"","filesize_raw":"","date_recorded":"","explicit":"","block":"","itunes_episode_number":"","itunes_title":"","itunes_season_number":"","itunes_episode_type":"","_joinchat":[],"footnotes":""},"categories":[101],"tags":[],"post_folder":[],"class_list":["post-11141","post","type-post","status-publish","format-standard","has-post-thumbnail","hentry","category-violencia-de-genere"],"_links":{"self":[{"href":"https:\/\/barbaraantich.com\/ca\/wp-json\/wp\/v2\/posts\/11141","targetHints":{"allow":["GET"]}}],"collection":[{"href":"https:\/\/barbaraantich.com\/ca\/wp-json\/wp\/v2\/posts"}],"about":[{"href":"https:\/\/barbaraantich.com\/ca\/wp-json\/wp\/v2\/types\/post"}],"author":[{"embeddable":true,"href":"https:\/\/barbaraantich.com\/ca\/wp-json\/wp\/v2\/users\/53"}],"replies":[{"embeddable":true,"href":"https:\/\/barbaraantich.com\/ca\/wp-json\/wp\/v2\/comments?post=11141"}],"version-history":[{"count":1,"href":"https:\/\/barbaraantich.com\/ca\/wp-json\/wp\/v2\/posts\/11141\/revisions"}],"predecessor-version":[{"id":11142,"href":"https:\/\/barbaraantich.com\/ca\/wp-json\/wp\/v2\/posts\/11141\/revisions\/11142"}],"wp:featuredmedia":[{"embeddable":true,"href":"https:\/\/barbaraantich.com\/ca\/wp-json\/wp\/v2\/media\/11788"}],"wp:attachment":[{"href":"https:\/\/barbaraantich.com\/ca\/wp-json\/wp\/v2\/media?parent=11141"}],"wp:term":[{"taxonomy":"category","embeddable":true,"href":"https:\/\/barbaraantich.com\/ca\/wp-json\/wp\/v2\/categories?post=11141"},{"taxonomy":"post_tag","embeddable":true,"href":"https:\/\/barbaraantich.com\/ca\/wp-json\/wp\/v2\/tags?post=11141"},{"taxonomy":"post_folder","embeddable":true,"href":"https:\/\/barbaraantich.com\/ca\/wp-json\/wp\/v2\/post_folder?post=11141"}],"curies":[{"name":"wp","href":"https:\/\/api.w.org\/{rel}","templated":true}]}}