{"id":11120,"date":"2020-12-18T13:07:00","date_gmt":"2020-12-18T13:07:00","guid":{"rendered":"https:\/\/barbaragomezantich.com\/conformitat-en-el-proces-penal\/"},"modified":"2025-01-27T02:54:30","modified_gmt":"2025-01-27T02:54:30","slug":"conformitat-en-el-proces-penal","status":"publish","type":"post","link":"https:\/\/barbaraantich.com\/ca\/conformitat-en-el-proces-penal\/","title":{"rendered":"Conformitat en el proc\u00e9s penal"},"content":{"rendered":"&#13;\n<p>Episodi 129 de Tert\u00falia Jur\u00eddica \u2013 Podcast de Dret.<\/p>&#13;\n&#13;\n<h5 class=\"wp-block-heading\">[\ud83c\udf99Podcast]<\/h5>&#13;\n&#13;\n<p>En aquest episodi tinc una conversa molt interessant amb altres companys sobre la conformitat en el proc\u00e9s penal. M&#8217;acompanyen Ra\u00fal Castro advocat de Valladolid, Jesica Vent\u00edn advocada gallega i Cristian Pozo advocat de Granada. Com sempre, dirigits i condu\u00efts pel gran \u00c0ngel Seisdedos.<\/p>&#13;\n<audio class=\"wp-audio-shortcode\" id=\"audio-11120-1\" preload=\"none\" style=\"width: 100%;\" controls=\"controls\"><source type=\"audio\/mpeg\" src=\"https:\/\/www.ivoox.com\/129-conformidades-penales_md_62597367_wp_1.mp3?_=1\" \/><a href=\"https:\/\/www.ivoox.com\/129-conformidades-penales_md_62597367_wp_1.mp3\" target=\"_blank\" rel=\"noopener\">https:\/\/www.ivoox.com\/129-conformidades-penales_md_62597367_wp_1.mp3<\/a><\/audio>\r\n<p><a title=\"129 - Conformidades penales\" href=\"https:\/\/go.ivoox.com\/rf\/62597367\" target=\"_blank\" rel=\"noopener\">Ir a descargar<\/a><\/p>\r\n&#13;\n<p>Es tracta d&#8217;un episodi molt espec\u00edfic, ja que la conformitat al proc\u00e9s penal \u00e9s una figura que es d\u00f3na \u00fanica i exclusivament en els procediments penals. Per aix\u00f2 tots els advocats que participem som penalistes i oferim una visi\u00f3 absolutament t\u00e8cnica i pr\u00e0ctica de la manera com es duen a terme les conformitats, i en quins casos la recomanem<\/p>&#13;\n&#13;\n<p>\u00c9s millor un acord que un plet? Responem aquesta pregunta en qu\u00e8 a m\u00e9s s&#8217;inicia un gran debat perqu\u00e8 no hi estem d&#8217;acord. Encara no ho has sentit?<\/p>&#13;\n&#13;\n<p>\u00c9s molt com\u00fa parlar de conformitats en delictes com ara les alcohol\u00e8mies o les negatives a bufar en un control d&#8217;alcohol\u00e8mia. Els delictes contra la seguretat vi\u00e0ria, en general, s\u00f3n propensos a acabar en forma de conformitat. De vegades s\u00f3n la millor soluci\u00f3 per al client, ja que suposa una rebaixa a la pena.<\/p>&#13;\n&#13;\n<p>En aquesta p\u00e0gina web podeu trobar diversos articles sobre aquesta figura tan \u00fatil en alguns casos: Qu\u00e8 \u00e9s una conformitat penal?<\/p>&#13;\n","protected":false},"excerpt":{"rendered":"<p>&#13; Episodi 129 de Tert\u00falia Jur\u00eddica \u2013 Podcast de Dret. &#13; &#13; [\ud83c\udf99Podcast] &#13; &#13; En aquest episodi tinc una conversa molt interessant amb altres companys sobre la conformitat en el proc\u00e9s penal. M&#8217;acompanyen Ra\u00fal Castro advocat de Valladolid, Jesica Vent\u00edn advocada gallega i Cristian Pozo advocat de Granada. Com sempre, dirigits i condu\u00efts pel [&hellip;]<\/p>\n","protected":false},"author":53,"featured_media":12096,"comment_status":"closed","ping_status":"closed","sticky":false,"template":"","format":"standard","meta":{"episode_type":"","audio_file":"","cover_image":"","cover_image_id":"","duration":"","filesize":"","filesize_raw":"","date_recorded":"","explicit":"","block":"","itunes_episode_number":"","itunes_title":"","itunes_season_number":"","itunes_episode_type":"","_joinchat":[],"footnotes":""},"categories":[],"tags":[],"post_folder":[],"class_list":["post-11120","post","type-post","status-publish","format-standard","has-post-thumbnail","hentry"],"_links":{"self":[{"href":"https:\/\/barbaraantich.com\/ca\/wp-json\/wp\/v2\/posts\/11120","targetHints":{"allow":["GET"]}}],"collection":[{"href":"https:\/\/barbaraantich.com\/ca\/wp-json\/wp\/v2\/posts"}],"about":[{"href":"https:\/\/barbaraantich.com\/ca\/wp-json\/wp\/v2\/types\/post"}],"author":[{"embeddable":true,"href":"https:\/\/barbaraantich.com\/ca\/wp-json\/wp\/v2\/users\/53"}],"replies":[{"embeddable":true,"href":"https:\/\/barbaraantich.com\/ca\/wp-json\/wp\/v2\/comments?post=11120"}],"version-history":[{"count":3,"href":"https:\/\/barbaraantich.com\/ca\/wp-json\/wp\/v2\/posts\/11120\/revisions"}],"predecessor-version":[{"id":11140,"href":"https:\/\/barbaraantich.com\/ca\/wp-json\/wp\/v2\/posts\/11120\/revisions\/11140"}],"wp:featuredmedia":[{"embeddable":true,"href":"https:\/\/barbaraantich.com\/ca\/wp-json\/wp\/v2\/media\/12096"}],"wp:attachment":[{"href":"https:\/\/barbaraantich.com\/ca\/wp-json\/wp\/v2\/media?parent=11120"}],"wp:term":[{"taxonomy":"category","embeddable":true,"href":"https:\/\/barbaraantich.com\/ca\/wp-json\/wp\/v2\/categories?post=11120"},{"taxonomy":"post_tag","embeddable":true,"href":"https:\/\/barbaraantich.com\/ca\/wp-json\/wp\/v2\/tags?post=11120"},{"taxonomy":"post_folder","embeddable":true,"href":"https:\/\/barbaraantich.com\/ca\/wp-json\/wp\/v2\/post_folder?post=11120"}],"curies":[{"name":"wp","href":"https:\/\/api.w.org\/{rel}","templated":true}]}}